{"id":18211,"date":"2026-02-17T10:45:59","date_gmt":"2026-02-17T09:45:59","guid":{"rendered":"https:\/\/cyberschool.univ-rennes.fr\/?p=18211"},"modified":"2026-03-12T14:39:59","modified_gmt":"2026-03-12T13:39:59","slug":"final-cyber-thursday-of-the-academic-year","status":"publish","type":"post","link":"https:\/\/cyberschool.univ-rennes.fr\/en\/final-cyber-thursday-of-the-academic-year\/","title":{"rendered":"Final Cyber Thursday of the Academic Year"},"content":{"rendered":"\n<p><strong>The second edition of the <a href=\"https:\/\/cyberschool.univ-rennes.fr\/en\/about\/our-events\/cyber-thursdays\/\" target=\"_blank\" rel=\"noreferrer noopener\"><em>Cyber Thursdays<\/em><\/a> concluded on 12 February 2026<\/strong> on an inspiring note.<\/p>\n\n\n\n<section class=\"sliderImg\">\n    <div class=\"contain-slider\">\n            <div class=\"sliderImgs\">\n\n                \n                    <div class=\"slide\">\n                        <picture>\n                            <source\n                            type=\"image\/webp\"\n                            srcset=\"https:\/\/cyberschool.univ-rennes.fr\/app\/uploads\/2026\/02\/ehr-2026-213-scaled.webp, https:\/\/cyberschool.univ-rennes.fr\/app\/uploads\/2026\/02\/ehr-2026-213-scaled@2x.webp 2x\"\n                            media=\"(max-width: 480px)\"\n                            >\n                            <source\n                            type=\"image\/webp\"\n                            srcset=\"https:\/\/cyberschool.univ-rennes.fr\/app\/uploads\/2026\/02\/ehr-2026-213-scaled.webp, https:\/\/cyberschool.univ-rennes.fr\/app\/uploads\/2026\/02\/ehr-2026-213-scaled@2x.webp 2x\"\n                            media=\"(min-width: 1280px)\"\n                            >\n                            <source\n                            type=\"image\/jpeg\"\n                            srcset=\"https:\/\/cyberschool.univ-rennes.fr\/app\/uploads\/2026\/02\/ehr-2026-213-scaled.jpg, https:\/\/cyberschool.univ-rennes.fr\/app\/uploads\/2026\/02\/ehr-2026-213-scaled@2x.jpg 2x\"\n                            media=\"(max-width: 480px)\"\n                            >\n                            <source\n                            type=\"image\/jpeg\"\n                            srcset=\"https:\/\/cyberschool.univ-rennes.fr\/app\/uploads\/2026\/02\/ehr-2026-213-scaled.jpg, https:\/\/cyberschool.univ-rennes.fr\/app\/uploads\/2026\/02\/ehr-2026-213-scaled@2x.jpg 2x\"\n                            media=\"(min-width: 1280px)\"\n                            >\n                            <img decoding=\"async\" src=\"https:\/\/cyberschool.univ-rennes.fr\/app\/uploads\/2026\/02\/ehr-2026-213-scaled.jpg\" loading=\"lazy\" alt=\"Pr\u00e9sentation dans l'amphith\u00e9\u00e2tre\" \/>\n                        <\/picture>\n                    <\/div>\n\n                \n                    <div class=\"slide\">\n                        <picture>\n                            <source\n                            type=\"image\/webp\"\n                            srcset=\"https:\/\/cyberschool.univ-rennes.fr\/app\/uploads\/2026\/02\/ehr-2026-225-scaled.webp, https:\/\/cyberschool.univ-rennes.fr\/app\/uploads\/2026\/02\/ehr-2026-225-scaled@2x.webp 2x\"\n                            media=\"(max-width: 480px)\"\n                            >\n                            <source\n                            type=\"image\/webp\"\n                            srcset=\"https:\/\/cyberschool.univ-rennes.fr\/app\/uploads\/2026\/02\/ehr-2026-225-scaled.webp, https:\/\/cyberschool.univ-rennes.fr\/app\/uploads\/2026\/02\/ehr-2026-225-scaled@2x.webp 2x\"\n                            media=\"(min-width: 1280px)\"\n                            >\n                            <source\n                            type=\"image\/jpeg\"\n                            srcset=\"https:\/\/cyberschool.univ-rennes.fr\/app\/uploads\/2026\/02\/ehr-2026-225-scaled.jpg, https:\/\/cyberschool.univ-rennes.fr\/app\/uploads\/2026\/02\/ehr-2026-225-scaled@2x.jpg 2x\"\n                            media=\"(max-width: 480px)\"\n                            >\n                            <source\n                            type=\"image\/jpeg\"\n                            srcset=\"https:\/\/cyberschool.univ-rennes.fr\/app\/uploads\/2026\/02\/ehr-2026-225-scaled.jpg, https:\/\/cyberschool.univ-rennes.fr\/app\/uploads\/2026\/02\/ehr-2026-225-scaled@2x.jpg 2x\"\n                            media=\"(min-width: 1280px)\"\n                            >\n                            <img decoding=\"async\" src=\"https:\/\/cyberschool.univ-rennes.fr\/app\/uploads\/2026\/02\/ehr-2026-225-scaled.jpg\" loading=\"lazy\" alt=\"Pr\u00e9sentation dans l'amphith\u00e9\u00e2tre\" \/>\n                        <\/picture>\n                    <\/div>\n\n                \n                    <div class=\"slide\">\n                        <picture>\n                            <source\n                            type=\"image\/webp\"\n                            srcset=\"https:\/\/cyberschool.univ-rennes.fr\/app\/uploads\/2026\/02\/ehr-2026-115-scaled.webp, https:\/\/cyberschool.univ-rennes.fr\/app\/uploads\/2026\/02\/ehr-2026-115-scaled@2x.webp 2x\"\n                            media=\"(max-width: 480px)\"\n                            >\n                            <source\n                            type=\"image\/webp\"\n                            srcset=\"https:\/\/cyberschool.univ-rennes.fr\/app\/uploads\/2026\/02\/ehr-2026-115-scaled.webp, https:\/\/cyberschool.univ-rennes.fr\/app\/uploads\/2026\/02\/ehr-2026-115-scaled@2x.webp 2x\"\n                            media=\"(min-width: 1280px)\"\n                            >\n                            <source\n                            type=\"image\/jpeg\"\n                            srcset=\"https:\/\/cyberschool.univ-rennes.fr\/app\/uploads\/2026\/02\/ehr-2026-115-scaled.jpg, https:\/\/cyberschool.univ-rennes.fr\/app\/uploads\/2026\/02\/ehr-2026-115-scaled@2x.jpg 2x\"\n                            media=\"(max-width: 480px)\"\n                            >\n                            <source\n                            type=\"image\/jpeg\"\n                            srcset=\"https:\/\/cyberschool.univ-rennes.fr\/app\/uploads\/2026\/02\/ehr-2026-115-scaled.jpg, https:\/\/cyberschool.univ-rennes.fr\/app\/uploads\/2026\/02\/ehr-2026-115-scaled@2x.jpg 2x\"\n                            media=\"(min-width: 1280px)\"\n                            >\n                            <img decoding=\"async\" src=\"https:\/\/cyberschool.univ-rennes.fr\/app\/uploads\/2026\/02\/ehr-2026-115-scaled.jpg\" loading=\"lazy\" alt=\"Etudiants\" \/>\n                        <\/picture>\n                    <\/div>\n\n                \n                    <div class=\"slide\">\n                        <picture>\n                            <source\n                            type=\"image\/webp\"\n                            srcset=\"https:\/\/cyberschool.univ-rennes.fr\/app\/uploads\/2026\/02\/ehr-2026-235.webp, https:\/\/cyberschool.univ-rennes.fr\/app\/uploads\/2026\/02\/ehr-2026-235@2x.webp 2x\"\n                            media=\"(max-width: 480px)\"\n                            >\n                            <source\n                            type=\"image\/webp\"\n                            srcset=\"https:\/\/cyberschool.univ-rennes.fr\/app\/uploads\/2026\/02\/ehr-2026-235.webp, https:\/\/cyberschool.univ-rennes.fr\/app\/uploads\/2026\/02\/ehr-2026-235@2x.webp 2x\"\n                            media=\"(min-width: 1280px)\"\n                            >\n                            <source\n                            type=\"image\/jpeg\"\n                            srcset=\"https:\/\/cyberschool.univ-rennes.fr\/app\/uploads\/2026\/02\/ehr-2026-235.jpg, https:\/\/cyberschool.univ-rennes.fr\/app\/uploads\/2026\/02\/ehr-2026-235@2x.jpg 2x\"\n                            media=\"(max-width: 480px)\"\n                            >\n                            <source\n                            type=\"image\/jpeg\"\n                            srcset=\"https:\/\/cyberschool.univ-rennes.fr\/app\/uploads\/2026\/02\/ehr-2026-235.jpg, https:\/\/cyberschool.univ-rennes.fr\/app\/uploads\/2026\/02\/ehr-2026-235@2x.jpg 2x\"\n                            media=\"(min-width: 1280px)\"\n                            >\n                            <img decoding=\"async\" src=\"https:\/\/cyberschool.univ-rennes.fr\/app\/uploads\/2026\/02\/ehr-2026-235.jpg\" loading=\"lazy\" alt=\"Pr\u00e9sentation dans l'amphith\u00e9\u00e2tre\" \/>\n                        <\/picture>\n                    <\/div>\n\n                            <\/div>\n\n\n\n\n    <\/div>\n\n    <script>    \n        jQuery('.sliderImgs').slick({\n            infinite: true\n        });\n\n    <\/script>\n\n<\/section>\n\n\n\n<!--more-->\n\n\n\n<h2 class=\"wp-block-heading\">From Scientific Research to Industrial Applications<\/h2>\n\n\n\n<p>Cybersecurity today is built on the <strong>synergy between scientific research, empirical knowledge and operational applications<\/strong>. This <em>Cyber Thursday<\/em>, held as part of the CyberSchool <a href=\"https:\/\/cyberschool.univ-rennes.fr\/en\/research\/cyberschool-research-school\/\" target=\"_blank\" rel=\"noreferrer noopener\">winter research school<\/a>, featured an afternoon of keynote talks dedicated to three major ongoing transitions. Through <strong>expert perspectives, feedback from practical experience and demonstrations<\/strong>, the speakers explored how academic innovation is transformed into concrete solutions used by industry to address current cyber threats.<\/p>\n\n\n\n<h2 class=\"wp-block-heading\">Transition Towards Integrated Post-Quantum Cryptography<\/h2>\n\n\n\n<p><strong>Andy Russon<\/strong>, a cybersecurity engineer at <a href=\"https:\/\/almond.eu\/en\/\" target=\"_blank\" rel=\"noreferrer noopener\">Almond<\/a>, presented the <strong>scientific, technical and methodological challenges associated with post-quantum cryptography<\/strong>. He also outlined the <strong>support methods offered to industrial organisations<\/strong> to address this transition and facilitate operational deployments.<\/p>\n\n\n\n<h2 class=\"wp-block-heading\">From Research Project to Value Proposition<\/h2>\n\n\n\n<p><strong>Belkacem Teibi<\/strong>, co-founder and CEO of <a href=\"https:\/\/daspren.com\/fr\/home\" target=\"_blank\" rel=\"noreferrer noopener\">Daspren<\/a>, <strong>examined the transition from a research project to an industrial value proposition<\/strong>. He explained how advanced threats such as zero-day ransomware, APTs and fileless attacks can be detected and blocked in real time, and how automated system mapping and intelligent classification enable a more precise understanding of cyber threats.<\/p>\n\n\n\n<h2 class=\"wp-block-heading\">Detecting Visual Content Generated or Modified by AI<\/h2>\n\n\n\n<p><strong>Ewa Kijak<\/strong>, Professor at the <a href=\"https:\/\/www.univ-rennes.fr\/en\" target=\"_blank\" rel=\"noreferrer noopener\">University of Rennes<\/a> and a member of the <a href=\"https:\/\/inria.fr\/en\" target=\"_blank\" rel=\"noreferrer noopener\">Inria<\/a>\/<a href=\"https:\/\/www.irisa.fr\/en\" target=\"_blank\" rel=\"noreferrer noopener\">IRISA<\/a> ARTISHAU project team, addressed the <strong>detection of visual content generated or modified by AI<\/strong>. She presented both active and passive methods for identifying such content, as well as the associated challenges.<\/p>\n\n\n\n<h2 class=\"wp-block-heading\">Closing This Second Edition<\/h2>\n\n\n\n<p>This afternoon marks the end of a rich and engaging season. We extend <strong>our warmest thanks to the 22 speakers<\/strong> who shared their expertise and experience, as well as to the many loyal participants who joined us every first Thursday of the month for their curiosity, engagement and the quality of the discussions. This season has opened up new perspectives and promising avenues for reflection for the future. We look forward to welcoming you again for the <strong>next edition, starting in October 2026<\/strong>.<\/p>\n","protected":false},"excerpt":{"rendered":"<p>The second edition of the Cyber Thursdays concluded on 12 February 2026 on an inspiring note.<\/p>\n","protected":false},"author":8,"featured_media":18198,"comment_status":"closed","ping_status":"closed","sticky":false,"template":"","format":"standard","meta":[],"categories":[2],"tags":[],"acf":[],"yoast_head":"<!-- This site is optimized with the Yoast SEO plugin v20.13 - https:\/\/yoast.com\/wordpress\/plugins\/seo\/ -->\n<title>Final Cyber Thursday of the Academic Year - CyberSchool<\/title>\n<meta name=\"description\" content=\"The 2nd edition of the Cyber Thursdays concluded on 12 February with an afternoon of keynote talks dedicated to 3 major ongoing transitions.\" \/>\n<meta name=\"robots\" content=\"index, follow, max-snippet:-1, max-image-preview:large, max-video-preview:-1\" \/>\n<link rel=\"canonical\" href=\"https:\/\/cyberschool.univ-rennes.fr\/en\/final-cyber-thursday-of-the-academic-year\/\" \/>\n<meta property=\"og:locale\" content=\"en_US\" \/>\n<meta property=\"og:type\" content=\"article\" \/>\n<meta property=\"og:title\" content=\"Final Cyber Thursday of the Academic Year - CyberSchool\" \/>\n<meta property=\"og:description\" content=\"The 2nd edition of the Cyber Thursdays concluded on 12 February with an afternoon of keynote talks dedicated to 3 major ongoing transitions.\" \/>\n<meta property=\"og:url\" content=\"https:\/\/cyberschool.univ-rennes.fr\/en\/final-cyber-thursday-of-the-academic-year\/\" \/>\n<meta property=\"og:site_name\" content=\"CyberSchool\" \/>\n<meta property=\"article:publisher\" content=\"https:\/\/www.facebook.com\/CSchoolRennes\/\" \/>\n<meta property=\"article:published_time\" content=\"2026-02-17T09:45:59+00:00\" \/>\n<meta property=\"article:modified_time\" content=\"2026-03-12T13:39:59+00:00\" \/>\n<meta property=\"og:image\" content=\"https:\/\/cyberschool.univ-rennes.fr\/app\/uploads\/2026\/02\/ehr-2026-235.jpg\" \/>\n\t<meta property=\"og:image:width\" content=\"2380\" \/>\n\t<meta property=\"og:image:height\" content=\"1339\" \/>\n\t<meta property=\"og:image:type\" content=\"image\/jpeg\" \/>\n<meta name=\"author\" content=\"Ma\u00e9va Jeuland\" \/>\n<meta name=\"twitter:card\" content=\"summary_large_image\" \/>\n<meta name=\"twitter:creator\" content=\"@CSchoolRennes\" \/>\n<meta name=\"twitter:site\" content=\"@CSchoolRennes\" \/>\n<meta name=\"twitter:label1\" content=\"Written by\" \/>\n\t<meta name=\"twitter:data1\" content=\"Ma\u00e9va Jeuland\" \/>\n\t<meta name=\"twitter:label2\" content=\"Est. reading time\" \/>\n\t<meta name=\"twitter:data2\" content=\"2 minutes\" \/>\n<script type=\"application\/ld+json\" class=\"yoast-schema-graph\">{\"@context\":\"https:\/\/schema.org\",\"@graph\":[{\"@type\":\"WebPage\",\"@id\":\"https:\/\/cyberschool.univ-rennes.fr\/en\/final-cyber-thursday-of-the-academic-year\/\",\"url\":\"https:\/\/cyberschool.univ-rennes.fr\/en\/final-cyber-thursday-of-the-academic-year\/\",\"name\":\"Final Cyber Thursday of the Academic Year - CyberSchool\",\"isPartOf\":{\"@id\":\"https:\/\/cyberschool.univ-rennes.fr\/en\/#website\"},\"datePublished\":\"2026-02-17T09:45:59+00:00\",\"dateModified\":\"2026-03-12T13:39:59+00:00\",\"author\":{\"@id\":\"https:\/\/cyberschool.univ-rennes.fr\/en\/#\/schema\/person\/7754053289222109804e9a9ebdb99f3d\"},\"description\":\"The 2nd edition of the Cyber Thursdays concluded on 12 February with an afternoon of keynote talks dedicated to 3 major ongoing transitions.\",\"breadcrumb\":{\"@id\":\"https:\/\/cyberschool.univ-rennes.fr\/en\/final-cyber-thursday-of-the-academic-year\/#breadcrumb\"},\"inLanguage\":\"en-US\",\"potentialAction\":[{\"@type\":\"ReadAction\",\"target\":[\"https:\/\/cyberschool.univ-rennes.fr\/en\/final-cyber-thursday-of-the-academic-year\/\"]}]},{\"@type\":\"BreadcrumbList\",\"@id\":\"https:\/\/cyberschool.univ-rennes.fr\/en\/final-cyber-thursday-of-the-academic-year\/#breadcrumb\",\"itemListElement\":[{\"@type\":\"ListItem\",\"position\":1,\"name\":\"Home\",\"item\":\"https:\/\/cyberschool.univ-rennes.fr\/en\/\"},{\"@type\":\"ListItem\",\"position\":2,\"name\":\"Final Cyber Thursday of the Academic Year\"}]},{\"@type\":\"WebSite\",\"@id\":\"https:\/\/cyberschool.univ-rennes.fr\/en\/#website\",\"url\":\"https:\/\/cyberschool.univ-rennes.fr\/en\/\",\"name\":\"CyberSchool\",\"description\":\"Just another WordPress site\",\"potentialAction\":[{\"@type\":\"SearchAction\",\"target\":{\"@type\":\"EntryPoint\",\"urlTemplate\":\"https:\/\/cyberschool.univ-rennes.fr\/en\/?s={search_term_string}\"},\"query-input\":\"required name=search_term_string\"}],\"inLanguage\":\"en-US\"},{\"@type\":\"Person\",\"@id\":\"https:\/\/cyberschool.univ-rennes.fr\/en\/#\/schema\/person\/7754053289222109804e9a9ebdb99f3d\",\"name\":\"Ma\u00e9va Jeuland\",\"image\":{\"@type\":\"ImageObject\",\"inLanguage\":\"en-US\",\"@id\":\"https:\/\/cyberschool.univ-rennes.fr\/en\/#\/schema\/person\/image\/\",\"url\":\"https:\/\/secure.gravatar.com\/avatar\/7261a58f283539e24d79f2cda9d251b1?s=96&d=mm&r=g\",\"contentUrl\":\"https:\/\/secure.gravatar.com\/avatar\/7261a58f283539e24d79f2cda9d251b1?s=96&d=mm&r=g\",\"caption\":\"Ma\u00e9va Jeuland\"}}]}<\/script>\n<!-- \/ Yoast SEO plugin. -->","yoast_head_json":{"title":"Final Cyber Thursday of the Academic Year - CyberSchool","description":"The 2nd edition of the Cyber Thursdays concluded on 12 February with an afternoon of keynote talks dedicated to 3 major ongoing transitions.","robots":{"index":"index","follow":"follow","max-snippet":"max-snippet:-1","max-image-preview":"max-image-preview:large","max-video-preview":"max-video-preview:-1"},"canonical":"https:\/\/cyberschool.univ-rennes.fr\/en\/final-cyber-thursday-of-the-academic-year\/","og_locale":"en_US","og_type":"article","og_title":"Final Cyber Thursday of the Academic Year - CyberSchool","og_description":"The 2nd edition of the Cyber Thursdays concluded on 12 February with an afternoon of keynote talks dedicated to 3 major ongoing transitions.","og_url":"https:\/\/cyberschool.univ-rennes.fr\/en\/final-cyber-thursday-of-the-academic-year\/","og_site_name":"CyberSchool","article_publisher":"https:\/\/www.facebook.com\/CSchoolRennes\/","article_published_time":"2026-02-17T09:45:59+00:00","article_modified_time":"2026-03-12T13:39:59+00:00","og_image":[{"width":2380,"height":1339,"url":"https:\/\/cyberschool.univ-rennes.fr\/app\/uploads\/2026\/02\/ehr-2026-235.jpg","type":"image\/jpeg"}],"author":"Ma\u00e9va Jeuland","twitter_card":"summary_large_image","twitter_creator":"@CSchoolRennes","twitter_site":"@CSchoolRennes","twitter_misc":{"Written by":"Ma\u00e9va Jeuland","Est. reading time":"2 minutes"},"schema":{"@context":"https:\/\/schema.org","@graph":[{"@type":"WebPage","@id":"https:\/\/cyberschool.univ-rennes.fr\/en\/final-cyber-thursday-of-the-academic-year\/","url":"https:\/\/cyberschool.univ-rennes.fr\/en\/final-cyber-thursday-of-the-academic-year\/","name":"Final Cyber Thursday of the Academic Year - CyberSchool","isPartOf":{"@id":"https:\/\/cyberschool.univ-rennes.fr\/en\/#website"},"datePublished":"2026-02-17T09:45:59+00:00","dateModified":"2026-03-12T13:39:59+00:00","author":{"@id":"https:\/\/cyberschool.univ-rennes.fr\/en\/#\/schema\/person\/7754053289222109804e9a9ebdb99f3d"},"description":"The 2nd edition of the Cyber Thursdays concluded on 12 February with an afternoon of keynote talks dedicated to 3 major ongoing transitions.","breadcrumb":{"@id":"https:\/\/cyberschool.univ-rennes.fr\/en\/final-cyber-thursday-of-the-academic-year\/#breadcrumb"},"inLanguage":"en-US","potentialAction":[{"@type":"ReadAction","target":["https:\/\/cyberschool.univ-rennes.fr\/en\/final-cyber-thursday-of-the-academic-year\/"]}]},{"@type":"BreadcrumbList","@id":"https:\/\/cyberschool.univ-rennes.fr\/en\/final-cyber-thursday-of-the-academic-year\/#breadcrumb","itemListElement":[{"@type":"ListItem","position":1,"name":"Home","item":"https:\/\/cyberschool.univ-rennes.fr\/en\/"},{"@type":"ListItem","position":2,"name":"Final Cyber Thursday of the Academic Year"}]},{"@type":"WebSite","@id":"https:\/\/cyberschool.univ-rennes.fr\/en\/#website","url":"https:\/\/cyberschool.univ-rennes.fr\/en\/","name":"CyberSchool","description":"Just another WordPress site","potentialAction":[{"@type":"SearchAction","target":{"@type":"EntryPoint","urlTemplate":"https:\/\/cyberschool.univ-rennes.fr\/en\/?s={search_term_string}"},"query-input":"required name=search_term_string"}],"inLanguage":"en-US"},{"@type":"Person","@id":"https:\/\/cyberschool.univ-rennes.fr\/en\/#\/schema\/person\/7754053289222109804e9a9ebdb99f3d","name":"Ma\u00e9va Jeuland","image":{"@type":"ImageObject","inLanguage":"en-US","@id":"https:\/\/cyberschool.univ-rennes.fr\/en\/#\/schema\/person\/image\/","url":"https:\/\/secure.gravatar.com\/avatar\/7261a58f283539e24d79f2cda9d251b1?s=96&d=mm&r=g","contentUrl":"https:\/\/secure.gravatar.com\/avatar\/7261a58f283539e24d79f2cda9d251b1?s=96&d=mm&r=g","caption":"Ma\u00e9va Jeuland"}}]}},"_links":{"self":[{"href":"https:\/\/cyberschool.univ-rennes.fr\/en\/wp-json\/wp\/v2\/posts\/18211"}],"collection":[{"href":"https:\/\/cyberschool.univ-rennes.fr\/en\/wp-json\/wp\/v2\/posts"}],"about":[{"href":"https:\/\/cyberschool.univ-rennes.fr\/en\/wp-json\/wp\/v2\/types\/post"}],"author":[{"embeddable":true,"href":"https:\/\/cyberschool.univ-rennes.fr\/en\/wp-json\/wp\/v2\/users\/8"}],"replies":[{"embeddable":true,"href":"https:\/\/cyberschool.univ-rennes.fr\/en\/wp-json\/wp\/v2\/comments?post=18211"}],"version-history":[{"count":2,"href":"https:\/\/cyberschool.univ-rennes.fr\/en\/wp-json\/wp\/v2\/posts\/18211\/revisions"}],"predecessor-version":[{"id":18527,"href":"https:\/\/cyberschool.univ-rennes.fr\/en\/wp-json\/wp\/v2\/posts\/18211\/revisions\/18527"}],"wp:featuredmedia":[{"embeddable":true,"href":"https:\/\/cyberschool.univ-rennes.fr\/en\/wp-json\/wp\/v2\/media\/18198"}],"wp:attachment":[{"href":"https:\/\/cyberschool.univ-rennes.fr\/en\/wp-json\/wp\/v2\/media?parent=18211"}],"wp:term":[{"taxonomy":"category","embeddable":true,"href":"https:\/\/cyberschool.univ-rennes.fr\/en\/wp-json\/wp\/v2\/categories?post=18211"},{"taxonomy":"post_tag","embeddable":true,"href":"https:\/\/cyberschool.univ-rennes.fr\/en\/wp-json\/wp\/v2\/tags?post=18211"}],"curies":[{"name":"wp","href":"https:\/\/api.w.org\/{rel}","templated":true}]}}